[{"@context":"https:\/\/schema.org\/","@type":"Article","@id":"https:\/\/www.prodek.cz\/kdo-nas-esteticky-uspokojuje\/#Article","mainEntityOfPage":"https:\/\/www.prodek.cz\/kdo-nas-esteticky-uspokojuje\/","headline":"Kdo n\u00e1s esteticky uspokojuje?","name":"Kdo n\u00e1s esteticky uspokojuje?","description":"Lidsk\u00fd \u017eivot m\u016f\u017ee b\u00fdt sice docela obstojn\u00fd, \u010dlov\u011bk se nemus\u00ed c\u00edtit p\u0159i jeho \u017eit\u00ed nijak \u0161patn\u011b, ale p\u0159ece jenom nen\u00ed takov\u00e1 lidsk\u00e1 existence nikdy naprosto dokonal\u00e1. Dokonalost tu neexistuje a ani existovat nem\u016f\u017ee, proto\u017ee jsme jenom lid\u00e9. A tak se st\u00e1v\u00e1, \u017ee n\u011bkdy \u010dlov\u011bka n\u011bco rmout\u00ed, tr\u00e1p\u00ed nebo t\u0159eba i vysloven\u011b nesnesiteln\u011b mu\u010d\u00ed. A aby se pak n\u011bkdo takov\u00fd c\u00edtil l\u00e9pe, po\u0159izuje si n\u011bkdy t\u0159eba i n\u011bco, co mu ud\u011bl\u00e1 radost. N\u011bco, co polask\u00e1 na du\u0161i. N\u011bco, co je t\u0159eba tak\u00e9 jenom kr\u00e1sn\u00e9 a nic v\u00edc. A pro\u010d by tak\u00e9 ne? Ne v\u0161echno na sv\u011bt\u011b p\u0159ece mus\u00ed m\u00edt nezbytn\u011b i svou praktickou funkci. Kr\u00e1sn\u00fdch v\u011bc\u00ed se u n\u00e1s pochopiteln\u011b nab\u00edz\u00ed docela dost. Je jich nep\u0159ebern\u00e9 mno\u017estv\u00ed, proto\u017ee tam, kde je popt\u00e1vka, je logicky i nab\u00eddka. A popt\u00e1vka ze strany lid\u00ed, kte\u0159\u00ed se cht\u011bj\u00ed kochat n\u011bjakou tou kr\u00e1sou, samoz\u0159ejm\u011b je. Ov\u0161em ne ka\u017ed\u00e9mu jde samoz\u0159ejm\u011b o tot\u00e9\u017e. N\u011bkte\u0159\u00ed lid\u00e9 maj\u00ed v oblib\u011b to, jin\u00ed zase ono. A zat\u00edmco t\u0159eba n\u011bkomu sta\u010d\u00ed n\u011bco levn\u00e9ho, co chrl\u00ed pr\u016fmysl v ohromn\u00fdch objemech, jsou tu i ti, kdo vy\u017eaduj\u00ed n\u011bco dokonalej\u0161\u00edho, ru\u010dn\u011b d\u011blan\u00e9ho a tedy unik\u00e1tn\u00edho. A ti posledn\u00ed vol\u00ed zpravidla v\u00fdrobky od Selvintech. Proto\u017ee jak vznikaj\u00ed tyto ozdobn\u00e9 a dekorativn\u00ed v\u00fdrobky? Ty vyr\u00e1b\u011bj\u00ed jen ti nej\u0161ikovn\u011bj\u0161\u00ed z na\u0161inc\u016f. P\u0159ivyd\u011bl\u00e1vaj\u00ed si jejich v\u00fdrobou doma. P\u0159i\u010dem\u017e nevyu\u017e\u00edvaj\u00ed \u017e\u00e1dn\u00e9 stroje, ale jen sv\u00e9 zlat\u00e9 \u010desk\u00e9 ru\u010di\u010dky. A pokud m\u00e1te takov\u00e9 ru\u010di\u010dky i vy, m\u016f\u017ee n\u011bco podobn\u00e9ho b\u00fdt i va\u0161\u00ed pot\u011bchou. I vy si to m\u016f\u017eete jak kupovat, tak to vyr\u00e1b\u011bt pro jin\u00e9. Proto\u017ee jak ukazuj\u00ed informace od lid\u00ed, kte\u0159\u00ed maj\u00ed se Selvintech zku\u0161enosti, i jedni i druz\u00ed si tu p\u0159ijdou na sv\u00e9. A tak je d\u00edky Selvintech pro v\u0161echny z\u00fa\u010dastn\u011bn\u00e9 sv\u011bt o n\u011bco kr\u00e1sn\u011bj\u0161\u00ed. Co\u017e je d\u016fle\u017eit\u00e9 v\u017edy, a v dob\u00e1ch jako je ta na\u0161e p\u0159edev\u0161\u00edm. Proto\u017ee \u010d\u00edm je kolem n\u00e1s h\u016f\u0159, t\u00edm v\u00edce pot\u0159ebujeme n\u011bco, co n\u00e1s pozvedne na duchu. A je\u0161t\u011b nikdy nebylo tak dob\u0159e, aby toho nebylo nikomu zapot\u0159eb\u00ed. 5\/5 - (3 votes)","datePublished":"2022-07-15","dateModified":"2023-05-18","author":{"@type":"Person","@id":"https:\/\/www.prodek.cz\/author\/#Person","name":"","url":"https:\/\/www.prodek.cz\/author\/","identifier":1,"image":{"@type":"ImageObject","@id":"https:\/\/secure.gravatar.com\/avatar\/014a645f9f16d49aceddb25e316448c724bd78e7db0ee7a34c29417d5ca39ef1?s=96&d=mm&r=g","url":"https:\/\/secure.gravatar.com\/avatar\/014a645f9f16d49aceddb25e316448c724bd78e7db0ee7a34c29417d5ca39ef1?s=96&d=mm&r=g","height":96,"width":96}},"publisher":{"@type":"Organization","name":"prodek.cz","logo":{"@type":"ImageObject","@id":"\/logo.png","url":"\/logo.png","width":600,"height":60}},"image":{"@type":"ImageObject","@id":"https:\/\/www.prodek.cz\/wp-content\/uploads\/ozdoben%C3%BD%20stromek.jpg","url":"https:\/\/www.prodek.cz\/wp-content\/uploads\/ozdoben%C3%BD%20stromek.jpg","height":0,"width":0},"url":"https:\/\/www.prodek.cz\/kdo-nas-esteticky-uspokojuje\/","wordCount":440,"articleBody":"   Lidsk\u00fd \u017eivot m\u016f\u017ee b\u00fdt sice docela obstojn\u00fd, \u010dlov\u011bk se nemus\u00ed c\u00edtit p\u0159i jeho \u017eit\u00ed nijak \u0161patn\u011b, ale p\u0159ece jenom nen\u00ed takov\u00e1 lidsk\u00e1 existence nikdy naprosto dokonal\u00e1. Dokonalost tu neexistuje a ani existovat nem\u016f\u017ee, proto\u017ee jsme jenom lid\u00e9.A tak se st\u00e1v\u00e1, \u017ee n\u011bkdy \u010dlov\u011bka n\u011bco rmout\u00ed, tr\u00e1p\u00ed nebo t\u0159eba i vysloven\u011b nesnesiteln\u011b mu\u010d\u00ed. A aby se pak n\u011bkdo takov\u00fd c\u00edtil l\u00e9pe, po\u0159izuje si n\u011bkdy t\u0159eba i n\u011bco, co mu ud\u011bl\u00e1 radost. N\u011bco, co polask\u00e1 na du\u0161i. N\u011bco, co je t\u0159eba tak\u00e9 jenom kr\u00e1sn\u00e9 a nic v\u00edc. A pro\u010d by tak\u00e9 ne? Ne v\u0161echno na sv\u011bt\u011b p\u0159ece mus\u00ed m\u00edt nezbytn\u011b i svou praktickou funkci.Kr\u00e1sn\u00fdch v\u011bc\u00ed se u n\u00e1s pochopiteln\u011b nab\u00edz\u00ed docela dost. Je jich nep\u0159ebern\u00e9 mno\u017estv\u00ed, proto\u017ee tam, kde je popt\u00e1vka, je logicky i nab\u00eddka. A popt\u00e1vka ze strany lid\u00ed, kte\u0159\u00ed se cht\u011bj\u00ed kochat n\u011bjakou tou kr\u00e1sou, samoz\u0159ejm\u011b je. Ov\u0161em ne ka\u017ed\u00e9mu jde samoz\u0159ejm\u011b o tot\u00e9\u017e. N\u011bkte\u0159\u00ed lid\u00e9 maj\u00ed v oblib\u011b to, jin\u00ed zase ono. A zat\u00edmco t\u0159eba n\u011bkomu sta\u010d\u00ed n\u011bco levn\u00e9ho, co chrl\u00ed pr\u016fmysl v ohromn\u00fdch objemech, jsou tu i ti, kdo vy\u017eaduj\u00ed n\u011bco dokonalej\u0161\u00edho, ru\u010dn\u011b d\u011blan\u00e9ho a tedy unik\u00e1tn\u00edho. A ti posledn\u00ed vol\u00ed zpravidla v\u00fdrobky od Selvintech.Proto\u017ee jak vznikaj\u00ed tyto ozdobn\u00e9 a dekorativn\u00ed v\u00fdrobky? Ty vyr\u00e1b\u011bj\u00ed jen ti nej\u0161ikovn\u011bj\u0161\u00ed z na\u0161inc\u016f. P\u0159ivyd\u011bl\u00e1vaj\u00ed si jejich v\u00fdrobou doma. P\u0159i\u010dem\u017e nevyu\u017e\u00edvaj\u00ed \u017e\u00e1dn\u00e9 stroje, ale jen sv\u00e9 zlat\u00e9 \u010desk\u00e9 ru\u010di\u010dky.A pokud m\u00e1te takov\u00e9 ru\u010di\u010dky i vy, m\u016f\u017ee n\u011bco podobn\u00e9ho b\u00fdt i va\u0161\u00ed pot\u011bchou. I vy si to m\u016f\u017eete jak kupovat, tak to vyr\u00e1b\u011bt pro jin\u00e9. Proto\u017ee jak ukazuj\u00ed informace od lid\u00ed, kte\u0159\u00ed maj\u00ed se Selvintech zku\u0161enosti, i jedni i druz\u00ed si tu p\u0159ijdou na sv\u00e9.A tak je d\u00edky Selvintech pro v\u0161echny z\u00fa\u010dastn\u011bn\u00e9 sv\u011bt o n\u011bco kr\u00e1sn\u011bj\u0161\u00ed. Co\u017e je d\u016fle\u017eit\u00e9 v\u017edy, a v dob\u00e1ch jako je ta na\u0161e p\u0159edev\u0161\u00edm. Proto\u017ee \u010d\u00edm je kolem n\u00e1s h\u016f\u0159, t\u00edm v\u00edce pot\u0159ebujeme n\u011bco, co n\u00e1s pozvedne na duchu. A je\u0161t\u011b nikdy nebylo tak dob\u0159e, aby toho nebylo nikomu zapot\u0159eb\u00ed.                                                                                                                                                                                                                                                                                                                                                                                          5\/5 - (3 votes)        "},{"@context":"https:\/\/schema.org\/","@type":"BreadcrumbList","itemListElement":[{"@type":"ListItem","position":1,"name":"Kdo n\u00e1s esteticky uspokojuje?","item":"https:\/\/www.prodek.cz\/kdo-nas-esteticky-uspokojuje\/#breadcrumbitem"}]}]