[{"@context":"https:\/\/schema.org\/","@type":"Article","@id":"https:\/\/www.prodek.cz\/mobil-na-vse\/#Article","mainEntityOfPage":"https:\/\/www.prodek.cz\/mobil-na-vse\/","headline":"Mobil na v\u0161e","name":"Mobil na v\u0161e","description":"V\u017edycky jsem tou\u017eila po n\u011bjak\u00e9m kvalitn\u00ed mobiln\u00edm telefonu, ale nikdy jsem \u017e\u00e1dn\u00fd nemohla nikde naj\u00edt. V\u0161ude byly takov\u00e9 mobiln\u00ed telefony, kter\u00e9 jsem v\u0161ude vid\u011bla, ale nem\u011bla jsem o n\u011b z\u00e1jem. A vy si mo\u017en\u00e1 \u0159\u00edk\u00e1te, \u017ee jsem v tomhle opravdu asi hodn\u011b n\u00e1ro\u010dn\u00e1. J\u00e1 v\u00edm, v tomhle m\u00e1te samoz\u0159ejm\u011b pravdu. J\u00e1 sice jsem takhle na techniku a dal\u0161\u00ed elektrotechniku, a hlavn\u011b mobiln\u00ed telefony n\u00e1ro\u010dn\u00e1, jinak jsem ale opravdu mil\u00e1 a nen\u00e1ro\u010dn\u00e1. Sice se t\u0159eba nap\u0159\u00edklad spokoj\u00edm s \u00fapln\u011b oby\u010dejn\u00fdm nezna\u010dkov\u00fdm oble\u010den\u00edm a botami nebo kabelkou, ale mobiln\u00ed telefon nebo dal\u0161\u00ed elektroniku, jako nap\u0159\u00edklad v televizi, v\u017edycky chci m\u00edt kvalitn\u00ed a to nejnov\u011bj\u0161\u00ed. Nev\u00edm jak vy, ale j\u00e1 se za to v\u016fbec nestyd\u00edm a nevad\u00ed mi to, \u017ee to takhle m\u00e1m. A nav\u00edc mo\u017en\u00e1 to m\u00e1m taky po sv\u00fdch rodi\u010d\u00edch, kte\u0159\u00ed mi v\u017edycky kladli na srdce, \u017ee kvalita je v\u017edycky na prvn\u00edm m\u00edst\u011b. A j\u00e1 jim d\u00e1v\u00e1m za pravdu. Samoz\u0159ejm\u011b, \u017ee kvalita je v\u017edycky to nejlep\u0161\u00ed, co m\u016f\u017eete ud\u011blat, kdy\u017e n\u011bco chcete. J\u00e1 sama jsem si\u00a0\u0159ekla\u00a0\u017ee kdy\u017e u\u017e chce n\u011bco lep\u0161\u00edho a kvalitn\u00edho, tak si taky samoz\u0159ejm\u011b moc r\u00e1da p\u0159eplat\u00edm. A tohle mi v\u016fbec ned\u011bl\u00e1 probl\u00e9m. Jsou ale lid\u00e9, kte\u0159\u00ed sp\u00ed\u0161e dbaj\u00ed na kvantitu ne\u017e na kvalitu. A tohle je pr\u00e1v\u011b u m\u011b ten probl\u00e9m. N\u011bkdo si rad\u011bji po\u0159\u00edd\u00ed \u010dty\u0159i levn\u00e9 mobiln\u00ed telefony, ani nev\u00edm, na co jim budou. J\u00e1 si rad\u011bji po\u0159\u00edd\u00edm jeden mobiln\u00ed telefon, klidn\u011b i za dvacet\u00a0p\u011bt\u00a0tis\u00edc korun, ale o\u010dek\u00e1v\u00e1m od n\u011bj naprostou kvalitu. Tak\u017ee je plno lid\u00ed, co chce t\u0159eba hodn\u011b mobiln\u00edch telefon\u016f, n\u011bkdo ale zase dva sp\u00ed\u0161e na kvalitu. A k jak\u00e9 skupin\u011b lid\u00ed pat\u0159\u00edte vy? Chcete rad\u011bji kvalitu nebo kvantitu a u jak\u00fdch v\u00fdrobk\u016f? A\u00a0pamatuji\u00a0si taky na sv\u00e9ho\u00a0jednoho\u00a0b\u00fdval\u00e9ho\u00a0partnera,\u00a0kter\u00fd\u00a0a\u017e\u00a0moc\u00a0dbal\u00a0na\u00a0kvantitu. Cht\u011bl b\u00fdt n\u011bco\u00a0jako vete\u0161n\u00edk, tak\u017ee vykupoval velmi levn\u011b mobiln\u00ed telefony, kter\u00e9\u00a0potom prod\u00e1val. M\u011b bylo za n\u011bj opravdu hodn\u011b\u00a0trapn\u011b,\u00a0proto\u017ee\u00a0v\u0161ichni\u00a0okolo se mu sm\u00e1ly. A j\u00e1 taky.\u00a0Na\u0161t\u011bst\u00ed\u00a0jsme s es n\u00edm pak\u00a0roze\u0161la, ale lituji, \u017ee jsem si s n\u00edm n\u011bco za\u010d\u00ednala.\u00a0 4.1\/5 - (7 votes)","datePublished":"2022-06-05","dateModified":"2022-06-05","author":{"@type":"Person","@id":"https:\/\/www.prodek.cz\/author\/#Person","name":"","url":"https:\/\/www.prodek.cz\/author\/","identifier":1,"image":{"@type":"ImageObject","@id":"https:\/\/secure.gravatar.com\/avatar\/014a645f9f16d49aceddb25e316448c724bd78e7db0ee7a34c29417d5ca39ef1?s=96&d=mm&r=g","url":"https:\/\/secure.gravatar.com\/avatar\/014a645f9f16d49aceddb25e316448c724bd78e7db0ee7a34c29417d5ca39ef1?s=96&d=mm&r=g","height":96,"width":96}},"publisher":{"@type":"Organization","name":"prodek.cz","logo":{"@type":"ImageObject","@id":"\/logo.png","url":"\/logo.png","width":600,"height":60}},"image":{"@type":"ImageObject","@id":"https:\/\/www.prodek.cz\/wp-content\/uploads\/boy-4863084_960_720.jpg","url":"https:\/\/www.prodek.cz\/wp-content\/uploads\/boy-4863084_960_720.jpg","height":0,"width":0},"url":"https:\/\/www.prodek.cz\/mobil-na-vse\/","about":["Mobil"],"wordCount":448,"articleBody":"V\u017edycky jsem tou\u017eila po n\u011bjak\u00e9m kvalitn\u00ed mobiln\u00edm telefonu, ale nikdy jsem \u017e\u00e1dn\u00fd nemohla nikde naj\u00edt. V\u0161ude byly takov\u00e9 mobiln\u00ed telefony, kter\u00e9 jsem v\u0161ude vid\u011bla, ale nem\u011bla jsem o n\u011b z\u00e1jem. A vy si mo\u017en\u00e1 \u0159\u00edk\u00e1te, \u017ee jsem v tomhle opravdu asi hodn\u011b n\u00e1ro\u010dn\u00e1. J\u00e1 v\u00edm, v tomhle m\u00e1te samoz\u0159ejm\u011b pravdu. J\u00e1 sice jsem takhle na techniku a dal\u0161\u00ed elektrotechniku, a hlavn\u011b mobiln\u00ed telefony n\u00e1ro\u010dn\u00e1, jinak jsem ale opravdu mil\u00e1 a nen\u00e1ro\u010dn\u00e1. Sice se t\u0159eba nap\u0159\u00edklad spokoj\u00edm s \u00fapln\u011b oby\u010dejn\u00fdm nezna\u010dkov\u00fdm oble\u010den\u00edm a botami nebo kabelkou, ale mobiln\u00ed telefon nebo dal\u0161\u00ed elektroniku, jako nap\u0159\u00edklad v televizi, v\u017edycky chci m\u00edt kvalitn\u00ed a to nejnov\u011bj\u0161\u00ed. Nev\u00edm jak vy, ale j\u00e1 se za to v\u016fbec nestyd\u00edm a nevad\u00ed mi to, \u017ee to takhle m\u00e1m. A nav\u00edc mo\u017en\u00e1 to m\u00e1m taky po sv\u00fdch rodi\u010d\u00edch, kte\u0159\u00ed mi v\u017edycky kladli na srdce, \u017ee kvalita je v\u017edycky na prvn\u00edm m\u00edst\u011b.A j\u00e1 jim d\u00e1v\u00e1m za pravdu. Samoz\u0159ejm\u011b, \u017ee kvalita je v\u017edycky to nejlep\u0161\u00ed, co m\u016f\u017eete ud\u011blat, kdy\u017e n\u011bco chcete. J\u00e1 sama jsem si\u00a0\u0159ekla\u00a0\u017ee kdy\u017e u\u017e chce n\u011bco lep\u0161\u00edho a kvalitn\u00edho, tak si taky samoz\u0159ejm\u011b moc r\u00e1da p\u0159eplat\u00edm. A tohle mi v\u016fbec ned\u011bl\u00e1 probl\u00e9m. Jsou ale lid\u00e9, kte\u0159\u00ed sp\u00ed\u0161e dbaj\u00ed na kvantitu ne\u017e na kvalitu. A tohle je pr\u00e1v\u011b u m\u011b ten probl\u00e9m. N\u011bkdo si rad\u011bji po\u0159\u00edd\u00ed \u010dty\u0159i levn\u00e9 mobiln\u00ed telefony, ani nev\u00edm, na co jim budou. J\u00e1 si rad\u011bji po\u0159\u00edd\u00edm jeden mobiln\u00ed telefon, klidn\u011b i za dvacet\u00a0p\u011bt\u00a0tis\u00edc korun, ale o\u010dek\u00e1v\u00e1m od n\u011bj naprostou kvalitu. Tak\u017ee je plno lid\u00ed, co chce t\u0159eba hodn\u011b mobiln\u00edch telefon\u016f, n\u011bkdo ale zase dva sp\u00ed\u0161e na kvalitu. A k jak\u00e9 skupin\u011b lid\u00ed pat\u0159\u00edte vy? Chcete rad\u011bji kvalitu nebo kvantitu a u jak\u00fdch v\u00fdrobk\u016f? A\u00a0pamatuji\u00a0si taky na sv\u00e9ho\u00a0jednoho\u00a0b\u00fdval\u00e9ho\u00a0partnera,\u00a0kter\u00fd\u00a0a\u017e\u00a0moc\u00a0dbal\u00a0na\u00a0kvantitu. Cht\u011bl b\u00fdt n\u011bco\u00a0jako vete\u0161n\u00edk, tak\u017ee vykupoval velmi levn\u011b mobiln\u00ed telefony, kter\u00e9\u00a0potom prod\u00e1val. M\u011b bylo za n\u011bj opravdu hodn\u011b\u00a0trapn\u011b,\u00a0proto\u017ee\u00a0v\u0161ichni\u00a0okolo se mu sm\u00e1ly. A j\u00e1 taky.\u00a0Na\u0161t\u011bst\u00ed\u00a0jsme s es n\u00edm pak\u00a0roze\u0161la, ale lituji, \u017ee jsem si s n\u00edm n\u011bco za\u010d\u00ednala.\u00a0                                                                                                                                                                                                                                                                                                                                                                                        4.1\/5 - (7 votes)        "},{"@context":"https:\/\/schema.org\/","@type":"BreadcrumbList","itemListElement":[{"@type":"ListItem","position":1,"name":"Mobil na v\u0161e","item":"https:\/\/www.prodek.cz\/mobil-na-vse\/#breadcrumbitem"}]}]