[{"@context":"https:\/\/schema.org\/","@type":"Article","@id":"https:\/\/www.prodek.cz\/penzion-maxim-v-male-moravce\/#Article","mainEntityOfPage":"https:\/\/www.prodek.cz\/penzion-maxim-v-male-moravce\/","headline":"Penzion Maxim v Mal\u00e9 Mor\u00e1vce","name":"Penzion Maxim v Mal\u00e9 Mor\u00e1vce","description":"Milovn\u00edci Jesen\u00edk\u016f tvrd\u00ed, \u017ee nejkr\u00e1sn\u011bj\u0161\u00ed jsou prost\u011b na podzim. To je pr\u00fd jejich doma, kdy jsou nej\u00fa\u017easn\u011bj\u0161\u00ed a vynikne nejv\u00edce jejich osobit\u00e9 kouzlo. Pochopiteln\u011b, \u017ee ka\u017ed\u00fd, kdo ly\u017euje bude tvrdit, \u017ee Jesen\u00edky jedin\u011b v zim\u011b, v\u00fdborn\u011b udr\u017eovan\u00e9 b\u011b\u017eka\u0159sk\u00e9 trasy a sjezdovky pro ka\u017ed\u00e9ho. Od nejmen\u0161\u00edch d\u011bt\u00ed, p\u0159es zdatn\u00e9 ly\u017ea\u0159e, a\u017e pro ly\u017ea\u0159e seniory. A\u0165 u\u017e jste milovn\u00edky turistiky, cyklistiky, b\u011b\u017eka\u0159i, nebo sjezda\u0159i, je prost\u011b t\u0159eba si v Jesen\u00edk\u00e1ch zajistit pohodln\u00e9 ubytov\u00e1n\u00ed, kter\u00e9 v\u00e1m dok\u00e1\u017ee splnit v\u0161echny va\u0161e po\u017eadavky na tu va\u0161i spr\u00e1vnou dovolenou, nebo snad pouze prodlou\u017een\u00fd v\u00edkend. A t\u00edmto ubytov\u00e1n\u00edm m\u016f\u017ee jednozna\u010dn\u011b b\u00fdt ubytov\u00e1n\u00ed Mal\u00e1 Mor\u00e1vka. Prost\u011b modern\u00ed ubytov\u00e1n\u00ed, kter\u00e9 db\u00e1 na soukrom\u00ed sv\u00fdch host\u016f a ke ka\u017ed\u00e9mu apartm\u00e1nu m\u00e1 sv\u016fj vlastn\u00ed vchod. Mysl\u00ed i na hosty, kte\u0159\u00ed jsou pohybov\u011b handicapov\u00e1ni, ale p\u0159esto miluj\u00ed pobyt v p\u0159\u00edrod\u011b a cht\u011bj\u00ed si ho u\u017e\u00edt. Nab\u00edz\u00ed toti\u017e i bezbari\u00e9rov\u00e9 apartm\u00e1ny. Ubytov\u00e1n\u00ed je prost\u011b vhodn\u00e9 pro ka\u017ed\u00e9ho. D\u011bti zde tak\u00e9 najdou sv\u00e9 vy\u017eit\u00ed, t\u0159eba v z\u00e1bavn\u00e9m koutku na zahrad\u011b, nebo v herni\u010dce. Ve\u010dery m\u016f\u017eete tr\u00e1vit u zahradn\u00edho grilu, op\u00e9ct si \u0161pek\u00e1\u010dky u ohni\u0161t\u011b, nebo posed\u011bt na terase, kter\u00fdmi jsou apartm\u00e1ny vybaveny, a pozorovat kouzeln\u00fd z\u00e1pad slunce se skleni\u010dkou v\u00edna, nebo dobrou k\u00e1vou. Na podzim se budete kochat barevnou p\u0159\u00edrodou a \u010das tr\u00e1vit p\u011b\u0161\u00ed turistikou, nebo na kole. V zim\u011b jist\u011b vyu\u017eijete n\u011bkter\u00e9 z ly\u017ea\u0159sk\u00fdch st\u0159edisek, nebo vyraz\u00edte na b\u011b\u017eky. V lo\u017enic\u00edch apartm\u00e1n\u016f p\u0159esp\u00ed \u010dty\u0159i osoby. Je toti\u017e vybavena man\u017eelskou postel\u00ed a dv\u011bma odd\u011blen\u00fdmi postelemi. Pro d\u00edt\u011b si m\u016f\u017eete vy\u017e\u00e1dat d\u011btskou post\u00fdlku. Ob\u00fdv\u00e1k je vybaven\u00fd sedac\u00ed soupravou, televiz\u00ed a kuchy\u0148sk\u00fdm koutem, kde krom\u011b b\u011b\u017en\u00e9ho za\u0159\u00edzen\u00ed najdete i k\u00e1vovar na v\u00fdrobu skv\u011bl\u00e9 k\u00e1vy. V koupeln\u011b m\u016f\u017eete vyu\u017e\u00edt i f\u00e9n, a pokud se budete v\u011bnovat zimn\u00edm sport\u016fm, je tu pro v\u00e1s i vysou\u0161e\u010d ly\u017ea\u0159sk\u00fdch bot. 4.6\/5 - (8 votes)","datePublished":"2022-08-14","dateModified":"2023-05-18","author":{"@type":"Person","@id":"https:\/\/www.prodek.cz\/author\/#Person","name":"","url":"https:\/\/www.prodek.cz\/author\/","identifier":1,"image":{"@type":"ImageObject","@id":"https:\/\/secure.gravatar.com\/avatar\/014a645f9f16d49aceddb25e316448c724bd78e7db0ee7a34c29417d5ca39ef1?s=96&d=mm&r=g","url":"https:\/\/secure.gravatar.com\/avatar\/014a645f9f16d49aceddb25e316448c724bd78e7db0ee7a34c29417d5ca39ef1?s=96&d=mm&r=g","height":96,"width":96}},"publisher":{"@type":"Organization","name":"prodek.cz","logo":{"@type":"ImageObject","@id":"\/logo.png","url":"\/logo.png","width":600,"height":60}},"image":{"@type":"ImageObject","@id":"https:\/\/www.prodek.cz\/wp-content\/uploads\/apartmany-leto-2-1.jpg","url":"https:\/\/www.prodek.cz\/wp-content\/uploads\/apartmany-leto-2-1.jpg","height":0,"width":0},"url":"https:\/\/www.prodek.cz\/penzion-maxim-v-male-moravce\/","about":["Business"],"wordCount":412,"articleBody":"   Milovn\u00edci Jesen\u00edk\u016f tvrd\u00ed, \u017ee nejkr\u00e1sn\u011bj\u0161\u00ed jsou prost\u011b na podzim. To je pr\u00fd jejich doma, kdy jsou nej\u00fa\u017easn\u011bj\u0161\u00ed a vynikne nejv\u00edce jejich osobit\u00e9 kouzlo. Pochopiteln\u011b, \u017ee ka\u017ed\u00fd, kdo ly\u017euje bude tvrdit, \u017ee Jesen\u00edky jedin\u011b v zim\u011b, v\u00fdborn\u011b udr\u017eovan\u00e9 b\u011b\u017eka\u0159sk\u00e9 trasy a sjezdovky pro ka\u017ed\u00e9ho. Od nejmen\u0161\u00edch d\u011bt\u00ed, p\u0159es zdatn\u00e9 ly\u017ea\u0159e, a\u017e pro ly\u017ea\u0159e seniory.A\u0165 u\u017e jste milovn\u00edky turistiky, cyklistiky, b\u011b\u017eka\u0159i, nebo sjezda\u0159i, je prost\u011b t\u0159eba si v Jesen\u00edk\u00e1ch zajistit pohodln\u00e9 ubytov\u00e1n\u00ed, kter\u00e9 v\u00e1m dok\u00e1\u017ee splnit v\u0161echny va\u0161e po\u017eadavky na tu va\u0161i spr\u00e1vnou dovolenou, nebo snad pouze prodlou\u017een\u00fd v\u00edkend.A t\u00edmto ubytov\u00e1n\u00edm m\u016f\u017ee jednozna\u010dn\u011b b\u00fdt ubytov\u00e1n\u00ed Mal\u00e1 Mor\u00e1vka. Prost\u011b modern\u00ed ubytov\u00e1n\u00ed, kter\u00e9 db\u00e1 na soukrom\u00ed sv\u00fdch host\u016f a ke ka\u017ed\u00e9mu apartm\u00e1nu m\u00e1 sv\u016fj vlastn\u00ed vchod. Mysl\u00ed i na hosty, kte\u0159\u00ed jsou pohybov\u011b handicapov\u00e1ni, ale p\u0159esto miluj\u00ed pobyt v p\u0159\u00edrod\u011b a cht\u011bj\u00ed si ho u\u017e\u00edt. Nab\u00edz\u00ed toti\u017e i bezbari\u00e9rov\u00e9 apartm\u00e1ny. Ubytov\u00e1n\u00ed je prost\u011b vhodn\u00e9 pro ka\u017ed\u00e9ho. D\u011bti zde tak\u00e9 najdou sv\u00e9 vy\u017eit\u00ed, t\u0159eba v z\u00e1bavn\u00e9m koutku na zahrad\u011b, nebo v herni\u010dce.Ve\u010dery m\u016f\u017eete tr\u00e1vit u zahradn\u00edho grilu, op\u00e9ct si \u0161pek\u00e1\u010dky u ohni\u0161t\u011b, nebo posed\u011bt na terase, kter\u00fdmi jsou apartm\u00e1ny vybaveny, a pozorovat kouzeln\u00fd z\u00e1pad slunce se skleni\u010dkou v\u00edna, nebo dobrou k\u00e1vou. Na podzim se budete kochat barevnou p\u0159\u00edrodou a \u010das tr\u00e1vit p\u011b\u0161\u00ed turistikou, nebo na kole. V zim\u011b jist\u011b vyu\u017eijete n\u011bkter\u00e9 z ly\u017ea\u0159sk\u00fdch st\u0159edisek, nebo vyraz\u00edte na b\u011b\u017eky.V lo\u017enic\u00edch apartm\u00e1n\u016f p\u0159esp\u00ed \u010dty\u0159i osoby. Je toti\u017e vybavena man\u017eelskou postel\u00ed a dv\u011bma odd\u011blen\u00fdmi postelemi. Pro d\u00edt\u011b si m\u016f\u017eete vy\u017e\u00e1dat d\u011btskou post\u00fdlku. Ob\u00fdv\u00e1k je vybaven\u00fd sedac\u00ed soupravou, televiz\u00ed a kuchy\u0148sk\u00fdm koutem, kde krom\u011b b\u011b\u017en\u00e9ho za\u0159\u00edzen\u00ed najdete i k\u00e1vovar na v\u00fdrobu skv\u011bl\u00e9 k\u00e1vy. V koupeln\u011b m\u016f\u017eete vyu\u017e\u00edt i f\u00e9n, a pokud se budete v\u011bnovat zimn\u00edm sport\u016fm, je tu pro v\u00e1s i vysou\u0161e\u010d ly\u017ea\u0159sk\u00fdch bot.                                                                                                                                                                                                                                                                                                                                                                                          4.6\/5 - (8 votes)        "},{"@context":"https:\/\/schema.org\/","@type":"BreadcrumbList","itemListElement":[{"@type":"ListItem","position":1,"name":"Penzion Maxim v Mal\u00e9 Mor\u00e1vce","item":"https:\/\/www.prodek.cz\/penzion-maxim-v-male-moravce\/#breadcrumbitem"}]}]