[{"@context":"https:\/\/schema.org\/","@type":"Article","@id":"https:\/\/www.prodek.cz\/vedeni-ucetnictvi-od-profesionalu\/#Article","mainEntityOfPage":"https:\/\/www.prodek.cz\/vedeni-ucetnictvi-od-profesionalu\/","headline":"Veden\u00ed \u00fa\u010detnictv\u00ed od profesion\u00e1l\u016f","name":"Veden\u00ed \u00fa\u010detnictv\u00ed od profesion\u00e1l\u016f","description":"Veden\u00ed \u00fa\u010detnictv\u00ed nen\u00ed pro ka\u017ed\u00e9ho. N\u011bkte\u0159\u00ed podnikatel\u00e9 s t\u00edm maj\u00ed velk\u00e9 probl\u00e9my a u dan\u00ed a \u00fa\u010dt\u016f tr\u00e1v\u00ed mnoho \u010dasu. Nen\u00ed to ale zbyte\u010dn\u00e9? Nen\u00ed \u017e\u00e1dn\u00fd \u010dlov\u011bk, kter\u00e9mu by \u0161lo v\u0161echno. N\u011bkdo je na \u00fa\u010detnictv\u00ed \u0161ikovn\u00fd a tento obor ho bav\u00ed, jin\u00fd ale ne. Pokud i vy podnik\u00e1te a nev\u00edte si rady s pod\u00e1v\u00e1n\u00edm da\u0148ov\u00e9ho p\u0159izn\u00e1n\u00ed k DPH nebo netu\u0161\u00edte, jak vy\u0159e\u0161it silni\u010dn\u00ed da\u0148, m\u00e1me pro v\u00e1s \u0159e\u0161en\u00ed! \u00da\u010detnictv\u00ed Praha https:\/\/jkcredit.cz\/sluzby\/ucetnictvi-danova-evidence\/ se o va\u0161e \u00fa\u010detnictv\u00ed a da\u0148ovou evidenci postar\u00e1 za v\u00e1s. Jedn\u00e1 se o rodinnou firmu, kter\u00e1 spravuje \u00fa\u010detnictv\u00ed mnoha r\u016fzn\u00fdm podnikatel\u016fm a jejich firm\u00e1m. Co v\u0161e pro v\u00e1s mohou ud\u011blat? Co se t\u00fd\u010de da\u0148ov\u00e9 evidence, tak si mohou vz\u00edt na starost pen\u011b\u017en\u00ed den\u00edk a knihu z\u00e1vazk\u016f a pohled\u00e1vek. Hrav\u011b zvl\u00e1dnou tak\u00e9 ve\u0161kerou evidenci hmotn\u00e9ho a nehmotn\u00e9ho majetku a pochopiteln\u011b za v\u00e1s obstaraj\u00ed i evidenci DPH, kontroln\u00ed hl\u00e1\u0161en\u00ed a z\u00e1znamn\u00ed povinnost. I co se t\u00fd\u010de poji\u0161t\u011bn\u00ed a dal\u0161\u00edch da\u0148ov\u00fdch povinnost\u00ed, tak dob\u0159e v\u00ed jak na to. P\u0159iprav\u00ed v\u00e1m da\u0148ov\u00e9 p\u0159izn\u00e1n\u00ed k DPH, postaraj\u00ed se o silni\u010dn\u00ed da\u0148 a dal\u0161\u00ed dan\u011b, kter\u00e9 budete pot\u0159ebovat zaplatit. Pokud to budete pot\u0159ebovat, mohou v\u00e1s zastupovat i p\u0159ed finan\u010dn\u00edm \u00fa\u0159adem a p\u0159ipravovat p\u0159ehledy pro poji\u0161\u0165ovny a \u010cSSZ. Nemus\u00edte se ni\u010deho b\u00e1t, proto\u017ee ceny za tyto slu\u017eby nejsou n\u011bjak p\u0159emr\u0161t\u011bn\u00e9. Pro ka\u017ed\u00e9ho klienta spo\u010d\u00edtaj\u00ed cenu na m\u00edru a plat\u00edte tak jen za to, co skute\u010dn\u011b vyu\u017e\u00edv\u00e1te. Je tu tak\u00e9 mo\u017enost m\u011bs\u00ed\u010dn\u00edho pau\u0161\u00e1lu, kter\u00fd pro v\u00e1s bude je\u0161t\u011b levn\u011bj\u0161\u00ed. Tento typ platby je ur\u010den\u00fd pro dlouhodob\u00e9 klienty, kte\u0159\u00ed si nech\u00e1vaj\u00ed d\u011blat \u00fa\u010detnictv\u00ed pravideln\u011b po del\u0161\u00ed dobu. Douf\u00e1me, \u017ee v\u00e1m zku\u0161en\u00ed \u00fa\u010detn\u00ed u\u0161et\u0159\u00ed nejen mnoho pr\u00e1ce, ale tak\u00e9 starost\u00ed. Kdy\u017e tyto povinnosti delegujete na n\u011bkoho z oboru, hodn\u011b se v\u00e1m ulev\u00ed. Z\u00edsk\u00e1te tak \u010das a energii na zlep\u0161ov\u00e1n\u00ed va\u0161eho podnik\u00e1n\u00ed a r\u016fzn\u00fdch novinek, kter\u00e9 jist\u011b pot\u011b\u0161\u00ed va\u0161e z\u00e1kazn\u00edky. Uvid\u00edte, \u017ee nechat si pomoct od profesion\u00e1l\u016f se vyplat\u00ed! 4.1\/5 - (8 votes)","datePublished":"2022-08-23","dateModified":"2023-05-18","author":{"@type":"Person","@id":"https:\/\/www.prodek.cz\/author\/#Person","name":"","url":"https:\/\/www.prodek.cz\/author\/","identifier":1,"image":{"@type":"ImageObject","@id":"https:\/\/secure.gravatar.com\/avatar\/014a645f9f16d49aceddb25e316448c724bd78e7db0ee7a34c29417d5ca39ef1?s=96&d=mm&r=g","url":"https:\/\/secure.gravatar.com\/avatar\/014a645f9f16d49aceddb25e316448c724bd78e7db0ee7a34c29417d5ca39ef1?s=96&d=mm&r=g","height":96,"width":96}},"publisher":{"@type":"Organization","name":"prodek.cz","logo":{"@type":"ImageObject","@id":"\/logo.png","url":"\/logo.png","width":600,"height":60}},"image":{"@type":"ImageObject","@id":"https:\/\/www.prodek.cz\/wp-content\/uploads\/%C3%BA%C4%8Detn%C3%AD%20(3)_4.jpg","url":"https:\/\/www.prodek.cz\/wp-content\/uploads\/%C3%BA%C4%8Detn%C3%AD%20(3)_4.jpg","height":0,"width":0},"url":"https:\/\/www.prodek.cz\/vedeni-ucetnictvi-od-profesionalu\/","about":["Business"],"wordCount":426,"articleBody":"        Veden\u00ed \u00fa\u010detnictv\u00ed nen\u00ed pro ka\u017ed\u00e9ho. N\u011bkte\u0159\u00ed podnikatel\u00e9 s t\u00edm maj\u00ed velk\u00e9 probl\u00e9my a u dan\u00ed a \u00fa\u010dt\u016f tr\u00e1v\u00ed mnoho \u010dasu. Nen\u00ed to ale zbyte\u010dn\u00e9? Nen\u00ed \u017e\u00e1dn\u00fd \u010dlov\u011bk, kter\u00e9mu by \u0161lo v\u0161echno. N\u011bkdo je na \u00fa\u010detnictv\u00ed \u0161ikovn\u00fd a tento obor ho bav\u00ed, jin\u00fd ale ne. Pokud i vy podnik\u00e1te a nev\u00edte si rady s pod\u00e1v\u00e1n\u00edm da\u0148ov\u00e9ho p\u0159izn\u00e1n\u00ed k DPH nebo netu\u0161\u00edte, jak vy\u0159e\u0161it silni\u010dn\u00ed da\u0148, m\u00e1me pro v\u00e1s \u0159e\u0161en\u00ed! \u00da\u010detnictv\u00ed Praha https:\/\/jkcredit.cz\/sluzby\/ucetnictvi-danova-evidence\/ se o va\u0161e \u00fa\u010detnictv\u00ed a da\u0148ovou evidenci postar\u00e1 za v\u00e1s. Jedn\u00e1 se o rodinnou firmu, kter\u00e1 spravuje \u00fa\u010detnictv\u00ed mnoha r\u016fzn\u00fdm podnikatel\u016fm a jejich firm\u00e1m. Co v\u0161e pro v\u00e1s mohou ud\u011blat? Co se t\u00fd\u010de da\u0148ov\u00e9 evidence, tak si mohou vz\u00edt na starost pen\u011b\u017en\u00ed den\u00edk a knihu z\u00e1vazk\u016f a pohled\u00e1vek. Hrav\u011b zvl\u00e1dnou tak\u00e9 ve\u0161kerou evidenci hmotn\u00e9ho a nehmotn\u00e9ho majetku a pochopiteln\u011b za v\u00e1s obstaraj\u00ed i evidenci DPH, kontroln\u00ed hl\u00e1\u0161en\u00ed a z\u00e1znamn\u00ed povinnost. I co se t\u00fd\u010de poji\u0161t\u011bn\u00ed a dal\u0161\u00edch da\u0148ov\u00fdch povinnost\u00ed, tak dob\u0159e v\u00ed jak na to. P\u0159iprav\u00ed v\u00e1m da\u0148ov\u00e9 p\u0159izn\u00e1n\u00ed k DPH, postaraj\u00ed se o silni\u010dn\u00ed da\u0148 a dal\u0161\u00ed dan\u011b, kter\u00e9 budete pot\u0159ebovat zaplatit. Pokud to budete pot\u0159ebovat, mohou v\u00e1s zastupovat i p\u0159ed finan\u010dn\u00edm \u00fa\u0159adem a p\u0159ipravovat p\u0159ehledy pro poji\u0161\u0165ovny a \u010cSSZ. Nemus\u00edte se ni\u010deho b\u00e1t, proto\u017ee ceny za tyto slu\u017eby nejsou n\u011bjak p\u0159emr\u0161t\u011bn\u00e9. Pro ka\u017ed\u00e9ho klienta spo\u010d\u00edtaj\u00ed cenu na m\u00edru a plat\u00edte tak jen za to, co skute\u010dn\u011b vyu\u017e\u00edv\u00e1te. Je tu tak\u00e9 mo\u017enost m\u011bs\u00ed\u010dn\u00edho pau\u0161\u00e1lu, kter\u00fd pro v\u00e1s bude je\u0161t\u011b levn\u011bj\u0161\u00ed. Tento typ platby je ur\u010den\u00fd pro dlouhodob\u00e9 klienty, kte\u0159\u00ed si nech\u00e1vaj\u00ed d\u011blat \u00fa\u010detnictv\u00ed pravideln\u011b po del\u0161\u00ed dobu. Douf\u00e1me, \u017ee v\u00e1m zku\u0161en\u00ed \u00fa\u010detn\u00ed u\u0161et\u0159\u00ed nejen mnoho pr\u00e1ce, ale tak\u00e9 starost\u00ed. Kdy\u017e tyto povinnosti delegujete na n\u011bkoho z oboru, hodn\u011b se v\u00e1m ulev\u00ed. Z\u00edsk\u00e1te tak \u010das a energii na zlep\u0161ov\u00e1n\u00ed va\u0161eho podnik\u00e1n\u00ed a r\u016fzn\u00fdch novinek, kter\u00e9 jist\u011b pot\u011b\u0161\u00ed va\u0161e z\u00e1kazn\u00edky. Uvid\u00edte, \u017ee nechat si pomoct od profesion\u00e1l\u016f se vyplat\u00ed!                                                                                                                                                                                                                                                                                                                                                                                           4.1\/5 - (8 votes)        "},{"@context":"https:\/\/schema.org\/","@type":"BreadcrumbList","itemListElement":[{"@type":"ListItem","position":1,"name":"Veden\u00ed \u00fa\u010detnictv\u00ed od profesion\u00e1l\u016f","item":"https:\/\/www.prodek.cz\/vedeni-ucetnictvi-od-profesionalu\/#breadcrumbitem"}]}]